{"id":1212,"date":"2016-12-21T14:16:33","date_gmt":"2016-12-21T13:16:33","guid":{"rendered":"http:\/\/www.masdelarivoire.fr\/?p=1212"},"modified":"2016-12-21T14:16:33","modified_gmt":"2016-12-21T13:16:33","slug":"flora-fauna","status":"publish","type":"post","link":"https:\/\/www.masdelarivoire.fr\/de\/flora-fauna\/","title":{"rendered":"Flora &#038; Fauna"},"content":{"rendered":"<p>Es erwartet Sie eine vielf\u00e4ltige und wundersch\u00f6ne Flora und Fauna mit der typischen Garrigue, einer offene mediterrane Strauchheidenformation aus Ginster, immergr\u00fcnen Steineichen, Buchsbaum, Erdbeerbaum, Wacholder und duftenden Kr\u00e4utern wie Thymian und Rosmarin.<\/p>\n","protected":false},"excerpt":{"rendered":"<p>Es erwartet Sie eine vielf\u00e4ltige und wundersch\u00f6ne Flora und Fauna mit der typischen Garrigue, einer offene mediterrane Strauchheidenformation aus Ginster, immergr\u00fcnen Steineichen, Buchsbaum, Erdbeerbaum, Wacholder und duftenden Kr\u00e4utern wie Thymian und Rosmarin.<\/p>\n","protected":false},"author":1,"featured_media":1271,"comment_status":"closed","ping_status":"closed","sticky":false,"template":"","format":"standard","meta":{"_et_pb_use_builder":"","_et_pb_old_content":"","_et_gb_content_width":"","_exactmetrics_skip_tracking":false,"_exactmetrics_sitenote_active":false,"_exactmetrics_sitenote_note":"","_exactmetrics_sitenote_category":0,"footnotes":""},"categories":[3],"tags":[],"class_list":["post-1212","post","type-post","status-publish","format-standard","has-post-thumbnail","hentry","category-unkategorisiert"],"yoast_head":"<!-- This site is optimized with the Yoast SEO plugin v27.5 - https:\/\/yoast.com\/product\/yoast-seo-wordpress\/ -->\n<title>Flora &amp; Fauna - Mas de la Rivoire<\/title>\n<meta name=\"robots\" content=\"index, follow, max-snippet:-1, max-image-preview:large, max-video-preview:-1\" \/>\n<link rel=\"canonical\" href=\"https:\/\/www.masdelarivoire.fr\/garrigue\/\" \/>\n<meta property=\"og:locale\" content=\"de_DE\" \/>\n<meta property=\"og:type\" content=\"article\" \/>\n<meta property=\"og:title\" content=\"Flora &amp; Fauna - Mas de la Rivoire\" \/>\n<meta property=\"og:description\" content=\"Es erwartet Sie eine vielf\u00e4ltige und wundersch\u00f6ne Flora und Fauna mit der typischen Garrigue, einer offene mediterrane Strauchheidenformation aus Ginster, immergr\u00fcnen Steineichen, Buchsbaum, Erdbeerbaum, Wacholder und duftenden Kr\u00e4utern wie Thymian und Rosmarin.\" \/>\n<meta property=\"og:url\" content=\"https:\/\/www.masdelarivoire.fr\/garrigue\/\" \/>\n<meta property=\"og:site_name\" content=\"Mas de la Rivoire\" \/>\n<meta property=\"article:published_time\" content=\"2016-12-21T13:16:33+00:00\" \/>\n<meta property=\"og:image\" content=\"https:\/\/www.masdelarivoire.fr\/wp-content\/uploads\/2016\/02\/img_picto_garrigue.png\" \/>\n\t<meta property=\"og:image:width\" content=\"220\" \/>\n\t<meta property=\"og:image:height\" content=\"220\" \/>\n\t<meta property=\"og:image:type\" content=\"image\/png\" \/>\n<meta name=\"author\" content=\"adminmin\" \/>\n<meta name=\"twitter:card\" content=\"summary_large_image\" \/>\n<meta name=\"twitter:label1\" content=\"Verfasst von\" \/>\n\t<meta name=\"twitter:data1\" content=\"adminmin\" \/>\n<script type=\"application\/ld+json\" class=\"yoast-schema-graph\">{\"@context\":\"https:\\\/\\\/schema.org\",\"@graph\":[{\"@type\":\"Article\",\"@id\":\"https:\\\/\\\/www.masdelarivoire.fr\\\/garrigue\\\/#article\",\"isPartOf\":{\"@id\":\"https:\\\/\\\/www.masdelarivoire.fr\\\/garrigue\\\/\"},\"author\":{\"name\":\"adminmin\",\"@id\":\"https:\\\/\\\/www.masdelarivoire.fr\\\/#\\\/schema\\\/person\\\/2ba0be6cb891e710af35329de34ad5df\"},\"headline\":\"Flora &#038; Fauna\",\"datePublished\":\"2016-12-21T13:16:33+00:00\",\"mainEntityOfPage\":{\"@id\":\"https:\\\/\\\/www.masdelarivoire.fr\\\/garrigue\\\/\"},\"wordCount\":38,\"image\":{\"@id\":\"https:\\\/\\\/www.masdelarivoire.fr\\\/garrigue\\\/#primaryimage\"},\"thumbnailUrl\":\"https:\\\/\\\/www.masdelarivoire.fr\\\/wp-content\\\/uploads\\\/2016\\\/02\\\/img_picto_garrigue.png\",\"articleSection\":[\"Unkategorisiert\"],\"inLanguage\":\"de\"},{\"@type\":\"WebPage\",\"@id\":\"https:\\\/\\\/www.masdelarivoire.fr\\\/garrigue\\\/\",\"url\":\"https:\\\/\\\/www.masdelarivoire.fr\\\/garrigue\\\/\",\"name\":\"Flora & Fauna - Mas de la Rivoire\",\"isPartOf\":{\"@id\":\"https:\\\/\\\/www.masdelarivoire.fr\\\/#website\"},\"primaryImageOfPage\":{\"@id\":\"https:\\\/\\\/www.masdelarivoire.fr\\\/garrigue\\\/#primaryimage\"},\"image\":{\"@id\":\"https:\\\/\\\/www.masdelarivoire.fr\\\/garrigue\\\/#primaryimage\"},\"thumbnailUrl\":\"https:\\\/\\\/www.masdelarivoire.fr\\\/wp-content\\\/uploads\\\/2016\\\/02\\\/img_picto_garrigue.png\",\"datePublished\":\"2016-12-21T13:16:33+00:00\",\"author\":{\"@id\":\"https:\\\/\\\/www.masdelarivoire.fr\\\/#\\\/schema\\\/person\\\/2ba0be6cb891e710af35329de34ad5df\"},\"breadcrumb\":{\"@id\":\"https:\\\/\\\/www.masdelarivoire.fr\\\/garrigue\\\/#breadcrumb\"},\"inLanguage\":\"de\",\"potentialAction\":[{\"@type\":\"ReadAction\",\"target\":[\"https:\\\/\\\/www.masdelarivoire.fr\\\/garrigue\\\/\"]}]},{\"@type\":\"ImageObject\",\"inLanguage\":\"de\",\"@id\":\"https:\\\/\\\/www.masdelarivoire.fr\\\/garrigue\\\/#primaryimage\",\"url\":\"https:\\\/\\\/www.masdelarivoire.fr\\\/wp-content\\\/uploads\\\/2016\\\/02\\\/img_picto_garrigue.png\",\"contentUrl\":\"https:\\\/\\\/www.masdelarivoire.fr\\\/wp-content\\\/uploads\\\/2016\\\/02\\\/img_picto_garrigue.png\",\"width\":220,\"height\":220},{\"@type\":\"BreadcrumbList\",\"@id\":\"https:\\\/\\\/www.masdelarivoire.fr\\\/garrigue\\\/#breadcrumb\",\"itemListElement\":[{\"@type\":\"ListItem\",\"position\":1,\"name\":\"Accueil\",\"item\":\"https:\\\/\\\/www.masdelarivoire.fr\\\/de\\\/\"},{\"@type\":\"ListItem\",\"position\":2,\"name\":\"Flora &#038; Fauna\"}]},{\"@type\":\"WebSite\",\"@id\":\"https:\\\/\\\/www.masdelarivoire.fr\\\/#website\",\"url\":\"https:\\\/\\\/www.masdelarivoire.fr\\\/\",\"name\":\"Mas de la Rivoire\",\"description\":\"G\u00eetes et Chambres d&#039;H\u00f4tes \u00e0 proximit\u00e9 de Sommi\u00e8res - Gard - Sud de la France\",\"potentialAction\":[{\"@type\":\"SearchAction\",\"target\":{\"@type\":\"EntryPoint\",\"urlTemplate\":\"https:\\\/\\\/www.masdelarivoire.fr\\\/?s={search_term_string}\"},\"query-input\":{\"@type\":\"PropertyValueSpecification\",\"valueRequired\":true,\"valueName\":\"search_term_string\"}}],\"inLanguage\":\"de\"},{\"@type\":\"Person\",\"@id\":\"https:\\\/\\\/www.masdelarivoire.fr\\\/#\\\/schema\\\/person\\\/2ba0be6cb891e710af35329de34ad5df\",\"name\":\"adminmin\",\"image\":{\"@type\":\"ImageObject\",\"inLanguage\":\"de\",\"@id\":\"https:\\\/\\\/secure.gravatar.com\\\/avatar\\\/fedc5ea38c454e97492e812efc77b9bfc0afccd28481ff07186ad71d1e83a3a1?s=96&d=mm&r=g\",\"url\":\"https:\\\/\\\/secure.gravatar.com\\\/avatar\\\/fedc5ea38c454e97492e812efc77b9bfc0afccd28481ff07186ad71d1e83a3a1?s=96&d=mm&r=g\",\"contentUrl\":\"https:\\\/\\\/secure.gravatar.com\\\/avatar\\\/fedc5ea38c454e97492e812efc77b9bfc0afccd28481ff07186ad71d1e83a3a1?s=96&d=mm&r=g\",\"caption\":\"adminmin\"},\"url\":\"https:\\\/\\\/www.masdelarivoire.fr\\\/de\\\/author\\\/adminmin\\\/\"}]}<\/script>\n<!-- \/ Yoast SEO plugin. -->","yoast_head_json":{"title":"Flora & Fauna - Mas de la Rivoire","robots":{"index":"index","follow":"follow","max-snippet":"max-snippet:-1","max-image-preview":"max-image-preview:large","max-video-preview":"max-video-preview:-1"},"canonical":"https:\/\/www.masdelarivoire.fr\/garrigue\/","og_locale":"de_DE","og_type":"article","og_title":"Flora & Fauna - Mas de la Rivoire","og_description":"Es erwartet Sie eine vielf\u00e4ltige und wundersch\u00f6ne Flora und Fauna mit der typischen Garrigue, einer offene mediterrane Strauchheidenformation aus Ginster, immergr\u00fcnen Steineichen, Buchsbaum, Erdbeerbaum, Wacholder und duftenden Kr\u00e4utern wie Thymian und Rosmarin.","og_url":"https:\/\/www.masdelarivoire.fr\/garrigue\/","og_site_name":"Mas de la Rivoire","article_published_time":"2016-12-21T13:16:33+00:00","og_image":[{"width":220,"height":220,"url":"https:\/\/www.masdelarivoire.fr\/wp-content\/uploads\/2016\/02\/img_picto_garrigue.png","type":"image\/png"}],"author":"adminmin","twitter_card":"summary_large_image","twitter_misc":{"Verfasst von":"adminmin"},"schema":{"@context":"https:\/\/schema.org","@graph":[{"@type":"Article","@id":"https:\/\/www.masdelarivoire.fr\/garrigue\/#article","isPartOf":{"@id":"https:\/\/www.masdelarivoire.fr\/garrigue\/"},"author":{"name":"adminmin","@id":"https:\/\/www.masdelarivoire.fr\/#\/schema\/person\/2ba0be6cb891e710af35329de34ad5df"},"headline":"Flora &#038; Fauna","datePublished":"2016-12-21T13:16:33+00:00","mainEntityOfPage":{"@id":"https:\/\/www.masdelarivoire.fr\/garrigue\/"},"wordCount":38,"image":{"@id":"https:\/\/www.masdelarivoire.fr\/garrigue\/#primaryimage"},"thumbnailUrl":"https:\/\/www.masdelarivoire.fr\/wp-content\/uploads\/2016\/02\/img_picto_garrigue.png","articleSection":["Unkategorisiert"],"inLanguage":"de"},{"@type":"WebPage","@id":"https:\/\/www.masdelarivoire.fr\/garrigue\/","url":"https:\/\/www.masdelarivoire.fr\/garrigue\/","name":"Flora & Fauna - Mas de la Rivoire","isPartOf":{"@id":"https:\/\/www.masdelarivoire.fr\/#website"},"primaryImageOfPage":{"@id":"https:\/\/www.masdelarivoire.fr\/garrigue\/#primaryimage"},"image":{"@id":"https:\/\/www.masdelarivoire.fr\/garrigue\/#primaryimage"},"thumbnailUrl":"https:\/\/www.masdelarivoire.fr\/wp-content\/uploads\/2016\/02\/img_picto_garrigue.png","datePublished":"2016-12-21T13:16:33+00:00","author":{"@id":"https:\/\/www.masdelarivoire.fr\/#\/schema\/person\/2ba0be6cb891e710af35329de34ad5df"},"breadcrumb":{"@id":"https:\/\/www.masdelarivoire.fr\/garrigue\/#breadcrumb"},"inLanguage":"de","potentialAction":[{"@type":"ReadAction","target":["https:\/\/www.masdelarivoire.fr\/garrigue\/"]}]},{"@type":"ImageObject","inLanguage":"de","@id":"https:\/\/www.masdelarivoire.fr\/garrigue\/#primaryimage","url":"https:\/\/www.masdelarivoire.fr\/wp-content\/uploads\/2016\/02\/img_picto_garrigue.png","contentUrl":"https:\/\/www.masdelarivoire.fr\/wp-content\/uploads\/2016\/02\/img_picto_garrigue.png","width":220,"height":220},{"@type":"BreadcrumbList","@id":"https:\/\/www.masdelarivoire.fr\/garrigue\/#breadcrumb","itemListElement":[{"@type":"ListItem","position":1,"name":"Accueil","item":"https:\/\/www.masdelarivoire.fr\/de\/"},{"@type":"ListItem","position":2,"name":"Flora &#038; Fauna"}]},{"@type":"WebSite","@id":"https:\/\/www.masdelarivoire.fr\/#website","url":"https:\/\/www.masdelarivoire.fr\/","name":"Mas de la Rivoire","description":"G\u00eetes et Chambres d&#039;H\u00f4tes \u00e0 proximit\u00e9 de Sommi\u00e8res - Gard - Sud de la France","potentialAction":[{"@type":"SearchAction","target":{"@type":"EntryPoint","urlTemplate":"https:\/\/www.masdelarivoire.fr\/?s={search_term_string}"},"query-input":{"@type":"PropertyValueSpecification","valueRequired":true,"valueName":"search_term_string"}}],"inLanguage":"de"},{"@type":"Person","@id":"https:\/\/www.masdelarivoire.fr\/#\/schema\/person\/2ba0be6cb891e710af35329de34ad5df","name":"adminmin","image":{"@type":"ImageObject","inLanguage":"de","@id":"https:\/\/secure.gravatar.com\/avatar\/fedc5ea38c454e97492e812efc77b9bfc0afccd28481ff07186ad71d1e83a3a1?s=96&d=mm&r=g","url":"https:\/\/secure.gravatar.com\/avatar\/fedc5ea38c454e97492e812efc77b9bfc0afccd28481ff07186ad71d1e83a3a1?s=96&d=mm&r=g","contentUrl":"https:\/\/secure.gravatar.com\/avatar\/fedc5ea38c454e97492e812efc77b9bfc0afccd28481ff07186ad71d1e83a3a1?s=96&d=mm&r=g","caption":"adminmin"},"url":"https:\/\/www.masdelarivoire.fr\/de\/author\/adminmin\/"}]}},"_links":{"self":[{"href":"https:\/\/www.masdelarivoire.fr\/de\/wp-json\/wp\/v2\/posts\/1212","targetHints":{"allow":["GET"]}}],"collection":[{"href":"https:\/\/www.masdelarivoire.fr\/de\/wp-json\/wp\/v2\/posts"}],"about":[{"href":"https:\/\/www.masdelarivoire.fr\/de\/wp-json\/wp\/v2\/types\/post"}],"author":[{"embeddable":true,"href":"https:\/\/www.masdelarivoire.fr\/de\/wp-json\/wp\/v2\/users\/1"}],"replies":[{"embeddable":true,"href":"https:\/\/www.masdelarivoire.fr\/de\/wp-json\/wp\/v2\/comments?post=1212"}],"version-history":[{"count":1,"href":"https:\/\/www.masdelarivoire.fr\/de\/wp-json\/wp\/v2\/posts\/1212\/revisions"}],"predecessor-version":[{"id":1213,"href":"https:\/\/www.masdelarivoire.fr\/de\/wp-json\/wp\/v2\/posts\/1212\/revisions\/1213"}],"wp:featuredmedia":[{"embeddable":true,"href":"https:\/\/www.masdelarivoire.fr\/de\/wp-json\/wp\/v2\/media\/1271"}],"wp:attachment":[{"href":"https:\/\/www.masdelarivoire.fr\/de\/wp-json\/wp\/v2\/media?parent=1212"}],"wp:term":[{"taxonomy":"category","embeddable":true,"href":"https:\/\/www.masdelarivoire.fr\/de\/wp-json\/wp\/v2\/categories?post=1212"},{"taxonomy":"post_tag","embeddable":true,"href":"https:\/\/www.masdelarivoire.fr\/de\/wp-json\/wp\/v2\/tags?post=1212"}],"curies":[{"name":"wp","href":"https:\/\/api.w.org\/{rel}","templated":true}]}}